{"id":22956,"date":"2021-09-12T08:48:42","date_gmt":"2021-09-12T06:48:42","guid":{"rendered":"https:\/\/www.vezzdesign.it\/simone-micheli-pour-les-cuisines-entierement-ecologiques-vezzdesign\/"},"modified":"2024-06-19T10:30:53","modified_gmt":"2024-06-19T08:30:53","slug":"simone-micheli-pour-les-cuisines-entierement-ecologiques-vezzdesign","status":"publish","type":"post","link":"https:\/\/www.vezzdesign.it\/fr\/simone-micheli-pour-les-cuisines-entierement-ecologiques-vezzdesign\/","title":{"rendered":"Simone Micheli pour les cuisines enti\u00e8rement \u00e9cologiques VEZZDESIGN"},"content":{"rendered":"\t\t<div data-elementor-type=\"wp-post\" data-elementor-id=\"22956\" class=\"elementor elementor-22956 elementor-21136\" data-elementor-settings=\"{&quot;asli_hide_title_disabled&quot;:&quot;yes&quot;}\" data-elementor-post-type=\"post\">\n\t\t\t\t<div class=\"elementor-element elementor-element-2c2f666a e-flex e-con-boxed e-con e-parent\" data-id=\"2c2f666a\" data-element_type=\"container\" data-e-type=\"container\">\n\t\t\t\t\t<div class=\"e-con-inner\">\n\t\t\t\t<div class=\"elementor-element elementor-element-7e029894 elementor-widget elementor-widget-text-editor\" data-id=\"7e029894\" data-element_type=\"widget\" data-e-type=\"widget\" data-widget_type=\"text-editor.default\">\n\t\t\t\t<div class=\"elementor-widget-container\">\n\t\t\t\t\t\t\t\t\t<p><\/p>\n<p><i>\u2018\u2019X Massimo. X la nostra Opera\u2019\u2019<\/i>une d\u00e9dicace simple avec un croquis rapide \u00e0 c\u00f4t\u00e9 <\/p>\n<p>Avec sympathie et naturel, <strong>Simone Miche<\/strong>li a sign\u00e9 la cuisine de la collection Lounge r\u00e9alis\u00e9e par <strong>VEZZDESIGN<\/strong>. C&rsquo;est ainsi qu\u2019a \u00e9t\u00e9 consacr\u00e9e, le matin du 4 septembre au sein de l\u2019atelier TIDE, dans le cadre de la Milano Design Week 2021, la collaboration entre le c\u00e9l\u00e8bre architecte et <strong>VEZZDESIGN.<\/strong><\/p>\n<p>La cr\u00e9ativit\u00e9 de Micheli, bas\u00e9e sur <strong>l\u2019identit\u00e9, l\u2019hybridation et la contamination<\/strong>, a rencontr\u00e9 d\u2019une fa\u00e7on heureuse l\u2019id\u00e9e esth\u00e9tique et constructive r\u00e9volutionnaire incarn\u00e9e par <strong>VEZZDESIGN<\/strong>. Le r\u00e9sultat est une cuisine en acier, totalement \u00e9cologique, qui a su se faire appr\u00e9cier comme porte-\u00e9tendard du bin\u00f4me g\u00e9nial \u00e9ternit\u00e9 structurelle-\u00e9volution stylistique con\u00e7u par notre marque. Robuste, comme sa structure en acier, et souple gr\u00e2ce \u00e0 son look contemporain, avec portes en verre laqu\u00e9, la nouvelle ligne Lounge a obtenu d&rsquo;excellents retours. Innovante et dynamique, enti\u00e8rement <strong>made in Italy<\/strong>, elle repr\u00e9sente la synth\u00e8se parfaite de la philosophie conceptuelle visionnaire qui unit Micheli et <strong>VEZZDESIGN<\/strong>.<\/p>\t\t\t\t\t\t\t\t<\/div>\n\t\t\t\t<\/div>\n\t\t\t\t\t<\/div>\n\t\t\t\t<\/div>\n\t\t\t\t<\/div>\n\t\t","protected":false},"excerpt":{"rendered":"<p>\u2018\u2019X Massimo. X la nostra Opera\u2019\u2019une d\u00e9dicace simple avec un croquis rapide \u00e0 c\u00f4t\u00e9 Avec sympathie et naturel, Simone Micheli a sign\u00e9 la cuisine de la collection Lounge r\u00e9alis\u00e9e par VEZZDESIGN. C&rsquo;est ainsi qu\u2019a \u00e9t\u00e9 consacr\u00e9e, le matin du 4 septembre au sein de l\u2019atelier TIDE, dans le cadre de la Milano Design Week 2021, [&hellip;]<\/p>\n","protected":false},"author":1,"featured_media":22711,"comment_status":"closed","ping_status":"open","sticky":false,"template":"","format":"standard","meta":{"_acf_changed":false,"footnotes":""},"categories":[114],"tags":[],"class_list":["post-22956","post","type-post","status-publish","format-standard","has-post-thumbnail","hentry","category-newsevents-fr"],"acf":[],"yoast_head":"<!-- This site is optimized with the Yoast SEO plugin v27.2 - https:\/\/yoast.com\/product\/yoast-seo-wordpress\/ -->\n<title>Simone Micheli pour les cuisines enti\u00e8rement \u00e9cologiques VEZZDESIGN - Vezzoni<\/title>\n<meta name=\"robots\" content=\"index, follow, max-snippet:-1, max-image-preview:large, max-video-preview:-1\" \/>\n<link rel=\"canonical\" href=\"https:\/\/www.vezzdesign.it\/simone-micheli-per-le-cucine-total-green-vezzdesign\/\" \/>\n<meta property=\"og:locale\" content=\"fr_FR\" \/>\n<meta property=\"og:type\" content=\"article\" \/>\n<meta property=\"og:title\" content=\"Simone Micheli pour les cuisines enti\u00e8rement \u00e9cologiques VEZZDESIGN - Vezzoni\" \/>\n<meta property=\"og:description\" content=\"\u2018\u2019X Massimo. X la nostra Opera\u2019\u2019une d\u00e9dicace simple avec un croquis rapide \u00e0 c\u00f4t\u00e9 Avec sympathie et naturel, Simone Micheli a sign\u00e9 la cuisine de la collection Lounge r\u00e9alis\u00e9e par VEZZDESIGN. C&rsquo;est ainsi qu\u2019a \u00e9t\u00e9 consacr\u00e9e, le matin du 4 septembre au sein de l\u2019atelier TIDE, dans le cadre de la Milano Design Week 2021, [&hellip;]\" \/>\n<meta property=\"og:url\" content=\"https:\/\/www.vezzdesign.it\/simone-micheli-per-le-cucine-total-green-vezzdesign\/\" \/>\n<meta property=\"og:site_name\" content=\"Vezzoni\" \/>\n<meta property=\"article:published_time\" content=\"2021-09-12T06:48:42+00:00\" \/>\n<meta property=\"article:modified_time\" content=\"2024-06-19T08:30:53+00:00\" \/>\n<meta property=\"og:image\" content=\"https:\/\/www.vezzdesign.it\/wp-content\/uploads\/2021\/09\/articolo-8.jpg\" \/>\n\t<meta property=\"og:image:width\" content=\"1920\" \/>\n\t<meta property=\"og:image:height\" content=\"1280\" \/>\n\t<meta property=\"og:image:type\" content=\"image\/jpeg\" \/>\n<meta name=\"author\" content=\"GekComunicazione\" \/>\n<meta name=\"twitter:card\" content=\"summary_large_image\" \/>\n<meta name=\"twitter:label1\" content=\"\u00c9crit par\" \/>\n\t<meta name=\"twitter:data1\" content=\"GekComunicazione\" \/>\n\t<meta name=\"twitter:label2\" content=\"Dur\u00e9e de lecture estim\u00e9e\" \/>\n\t<meta name=\"twitter:data2\" content=\"1 minute\" \/>\n<script type=\"application\/ld+json\" class=\"yoast-schema-graph\">{\"@context\":\"https:\/\/schema.org\",\"@graph\":[{\"@type\":\"Article\",\"@id\":\"https:\/\/www.vezzdesign.it\/simone-micheli-per-le-cucine-total-green-vezzdesign\/#article\",\"isPartOf\":{\"@id\":\"https:\/\/www.vezzdesign.it\/simone-micheli-per-le-cucine-total-green-vezzdesign\/\"},\"author\":{\"name\":\"GekComunicazione\",\"@id\":\"https:\/\/www.vezzdesign.it\/#\/schema\/person\/eb61792feab0324a252a45e56ab4881d\"},\"headline\":\"Simone Micheli pour les cuisines enti\u00e8rement \u00e9cologiques VEZZDESIGN\",\"datePublished\":\"2021-09-12T06:48:42+00:00\",\"dateModified\":\"2024-06-19T08:30:53+00:00\",\"mainEntityOfPage\":{\"@id\":\"https:\/\/www.vezzdesign.it\/simone-micheli-per-le-cucine-total-green-vezzdesign\/\"},\"wordCount\":201,\"publisher\":{\"@id\":\"https:\/\/www.vezzdesign.it\/#organization\"},\"image\":{\"@id\":\"https:\/\/www.vezzdesign.it\/simone-micheli-per-le-cucine-total-green-vezzdesign\/#primaryimage\"},\"thumbnailUrl\":\"https:\/\/www.vezzdesign.it\/wp-content\/uploads\/2021\/09\/articolo-8.jpg\",\"articleSection\":[\"News&amp;Events\"],\"inLanguage\":\"fr-FR\"},{\"@type\":\"WebPage\",\"@id\":\"https:\/\/www.vezzdesign.it\/simone-micheli-per-le-cucine-total-green-vezzdesign\/\",\"url\":\"https:\/\/www.vezzdesign.it\/simone-micheli-per-le-cucine-total-green-vezzdesign\/\",\"name\":\"Simone Micheli pour les cuisines enti\u00e8rement \u00e9cologiques VEZZDESIGN - Vezzoni\",\"isPartOf\":{\"@id\":\"https:\/\/www.vezzdesign.it\/#website\"},\"primaryImageOfPage\":{\"@id\":\"https:\/\/www.vezzdesign.it\/simone-micheli-per-le-cucine-total-green-vezzdesign\/#primaryimage\"},\"image\":{\"@id\":\"https:\/\/www.vezzdesign.it\/simone-micheli-per-le-cucine-total-green-vezzdesign\/#primaryimage\"},\"thumbnailUrl\":\"https:\/\/www.vezzdesign.it\/wp-content\/uploads\/2021\/09\/articolo-8.jpg\",\"datePublished\":\"2021-09-12T06:48:42+00:00\",\"dateModified\":\"2024-06-19T08:30:53+00:00\",\"breadcrumb\":{\"@id\":\"https:\/\/www.vezzdesign.it\/simone-micheli-per-le-cucine-total-green-vezzdesign\/#breadcrumb\"},\"inLanguage\":\"fr-FR\",\"potentialAction\":[{\"@type\":\"ReadAction\",\"target\":[\"https:\/\/www.vezzdesign.it\/simone-micheli-per-le-cucine-total-green-vezzdesign\/\"]}]},{\"@type\":\"ImageObject\",\"inLanguage\":\"fr-FR\",\"@id\":\"https:\/\/www.vezzdesign.it\/simone-micheli-per-le-cucine-total-green-vezzdesign\/#primaryimage\",\"url\":\"https:\/\/www.vezzdesign.it\/wp-content\/uploads\/2021\/09\/articolo-8.jpg\",\"contentUrl\":\"https:\/\/www.vezzdesign.it\/wp-content\/uploads\/2021\/09\/articolo-8.jpg\",\"width\":1920,\"height\":1280},{\"@type\":\"BreadcrumbList\",\"@id\":\"https:\/\/www.vezzdesign.it\/simone-micheli-per-le-cucine-total-green-vezzdesign\/#breadcrumb\",\"itemListElement\":[{\"@type\":\"ListItem\",\"position\":1,\"name\":\"Home\",\"item\":\"https:\/\/www.vezzdesign.it\/fr\/home\/\"},{\"@type\":\"ListItem\",\"position\":2,\"name\":\"Simone Micheli pour les cuisines enti\u00e8rement \u00e9cologiques VEZZDESIGN\"}]},{\"@type\":\"WebSite\",\"@id\":\"https:\/\/www.vezzdesign.it\/#website\",\"url\":\"https:\/\/www.vezzdesign.it\/\",\"name\":\"Vezzoni\",\"description\":\"Italian Steel Furniture\",\"publisher\":{\"@id\":\"https:\/\/www.vezzdesign.it\/#organization\"},\"potentialAction\":[{\"@type\":\"SearchAction\",\"target\":{\"@type\":\"EntryPoint\",\"urlTemplate\":\"https:\/\/www.vezzdesign.it\/?s={search_term_string}\"},\"query-input\":{\"@type\":\"PropertyValueSpecification\",\"valueRequired\":true,\"valueName\":\"search_term_string\"}}],\"inLanguage\":\"fr-FR\"},{\"@type\":\"Organization\",\"@id\":\"https:\/\/www.vezzdesign.it\/#organization\",\"name\":\"Vezzoni\",\"url\":\"https:\/\/www.vezzdesign.it\/\",\"logo\":{\"@type\":\"ImageObject\",\"inLanguage\":\"fr-FR\",\"@id\":\"https:\/\/www.vezzdesign.it\/#\/schema\/logo\/image\/\",\"url\":\"https:\/\/www.vezzdesign.it\/wp-content\/uploads\/2026\/04\/logo-bianco-1.png\",\"contentUrl\":\"https:\/\/www.vezzdesign.it\/wp-content\/uploads\/2026\/04\/logo-bianco-1.png\",\"width\":366,\"height\":81,\"caption\":\"Vezzoni\"},\"image\":{\"@id\":\"https:\/\/www.vezzdesign.it\/#\/schema\/logo\/image\/\"}},{\"@type\":\"Person\",\"@id\":\"https:\/\/www.vezzdesign.it\/#\/schema\/person\/eb61792feab0324a252a45e56ab4881d\",\"name\":\"GekComunicazione\",\"image\":{\"@type\":\"ImageObject\",\"inLanguage\":\"fr-FR\",\"@id\":\"https:\/\/secure.gravatar.com\/avatar\/778e52b15babe199ed23eb35982b1a9aaef269571fe07ffd9740f5347eeb9fb7?s=96&d=mm&r=g\",\"url\":\"https:\/\/secure.gravatar.com\/avatar\/778e52b15babe199ed23eb35982b1a9aaef269571fe07ffd9740f5347eeb9fb7?s=96&d=mm&r=g\",\"contentUrl\":\"https:\/\/secure.gravatar.com\/avatar\/778e52b15babe199ed23eb35982b1a9aaef269571fe07ffd9740f5347eeb9fb7?s=96&d=mm&r=g\",\"caption\":\"GekComunicazione\"},\"sameAs\":[\"https:\/\/www.vezzdesign.it\"],\"url\":\"https:\/\/www.vezzdesign.it\/fr\/author\/gek\/\"}]}<\/script>\n<!-- \/ Yoast SEO plugin. -->","yoast_head_json":{"title":"Simone Micheli pour les cuisines enti\u00e8rement \u00e9cologiques VEZZDESIGN - Vezzoni","robots":{"index":"index","follow":"follow","max-snippet":"max-snippet:-1","max-image-preview":"max-image-preview:large","max-video-preview":"max-video-preview:-1"},"canonical":"https:\/\/www.vezzdesign.it\/simone-micheli-per-le-cucine-total-green-vezzdesign\/","og_locale":"fr_FR","og_type":"article","og_title":"Simone Micheli pour les cuisines enti\u00e8rement \u00e9cologiques VEZZDESIGN - Vezzoni","og_description":"\u2018\u2019X Massimo. X la nostra Opera\u2019\u2019une d\u00e9dicace simple avec un croquis rapide \u00e0 c\u00f4t\u00e9 Avec sympathie et naturel, Simone Micheli a sign\u00e9 la cuisine de la collection Lounge r\u00e9alis\u00e9e par VEZZDESIGN. C&rsquo;est ainsi qu\u2019a \u00e9t\u00e9 consacr\u00e9e, le matin du 4 septembre au sein de l\u2019atelier TIDE, dans le cadre de la Milano Design Week 2021, [&hellip;]","og_url":"https:\/\/www.vezzdesign.it\/simone-micheli-per-le-cucine-total-green-vezzdesign\/","og_site_name":"Vezzoni","article_published_time":"2021-09-12T06:48:42+00:00","article_modified_time":"2024-06-19T08:30:53+00:00","og_image":[{"width":1920,"height":1280,"url":"https:\/\/www.vezzdesign.it\/wp-content\/uploads\/2021\/09\/articolo-8.jpg","type":"image\/jpeg"}],"author":"GekComunicazione","twitter_card":"summary_large_image","twitter_misc":{"\u00c9crit par":"GekComunicazione","Dur\u00e9e de lecture estim\u00e9e":"1 minute"},"schema":{"@context":"https:\/\/schema.org","@graph":[{"@type":"Article","@id":"https:\/\/www.vezzdesign.it\/simone-micheli-per-le-cucine-total-green-vezzdesign\/#article","isPartOf":{"@id":"https:\/\/www.vezzdesign.it\/simone-micheli-per-le-cucine-total-green-vezzdesign\/"},"author":{"name":"GekComunicazione","@id":"https:\/\/www.vezzdesign.it\/#\/schema\/person\/eb61792feab0324a252a45e56ab4881d"},"headline":"Simone Micheli pour les cuisines enti\u00e8rement \u00e9cologiques VEZZDESIGN","datePublished":"2021-09-12T06:48:42+00:00","dateModified":"2024-06-19T08:30:53+00:00","mainEntityOfPage":{"@id":"https:\/\/www.vezzdesign.it\/simone-micheli-per-le-cucine-total-green-vezzdesign\/"},"wordCount":201,"publisher":{"@id":"https:\/\/www.vezzdesign.it\/#organization"},"image":{"@id":"https:\/\/www.vezzdesign.it\/simone-micheli-per-le-cucine-total-green-vezzdesign\/#primaryimage"},"thumbnailUrl":"https:\/\/www.vezzdesign.it\/wp-content\/uploads\/2021\/09\/articolo-8.jpg","articleSection":["News&amp;Events"],"inLanguage":"fr-FR"},{"@type":"WebPage","@id":"https:\/\/www.vezzdesign.it\/simone-micheli-per-le-cucine-total-green-vezzdesign\/","url":"https:\/\/www.vezzdesign.it\/simone-micheli-per-le-cucine-total-green-vezzdesign\/","name":"Simone Micheli pour les cuisines enti\u00e8rement \u00e9cologiques VEZZDESIGN - Vezzoni","isPartOf":{"@id":"https:\/\/www.vezzdesign.it\/#website"},"primaryImageOfPage":{"@id":"https:\/\/www.vezzdesign.it\/simone-micheli-per-le-cucine-total-green-vezzdesign\/#primaryimage"},"image":{"@id":"https:\/\/www.vezzdesign.it\/simone-micheli-per-le-cucine-total-green-vezzdesign\/#primaryimage"},"thumbnailUrl":"https:\/\/www.vezzdesign.it\/wp-content\/uploads\/2021\/09\/articolo-8.jpg","datePublished":"2021-09-12T06:48:42+00:00","dateModified":"2024-06-19T08:30:53+00:00","breadcrumb":{"@id":"https:\/\/www.vezzdesign.it\/simone-micheli-per-le-cucine-total-green-vezzdesign\/#breadcrumb"},"inLanguage":"fr-FR","potentialAction":[{"@type":"ReadAction","target":["https:\/\/www.vezzdesign.it\/simone-micheli-per-le-cucine-total-green-vezzdesign\/"]}]},{"@type":"ImageObject","inLanguage":"fr-FR","@id":"https:\/\/www.vezzdesign.it\/simone-micheli-per-le-cucine-total-green-vezzdesign\/#primaryimage","url":"https:\/\/www.vezzdesign.it\/wp-content\/uploads\/2021\/09\/articolo-8.jpg","contentUrl":"https:\/\/www.vezzdesign.it\/wp-content\/uploads\/2021\/09\/articolo-8.jpg","width":1920,"height":1280},{"@type":"BreadcrumbList","@id":"https:\/\/www.vezzdesign.it\/simone-micheli-per-le-cucine-total-green-vezzdesign\/#breadcrumb","itemListElement":[{"@type":"ListItem","position":1,"name":"Home","item":"https:\/\/www.vezzdesign.it\/fr\/home\/"},{"@type":"ListItem","position":2,"name":"Simone Micheli pour les cuisines enti\u00e8rement \u00e9cologiques VEZZDESIGN"}]},{"@type":"WebSite","@id":"https:\/\/www.vezzdesign.it\/#website","url":"https:\/\/www.vezzdesign.it\/","name":"Vezzoni","description":"Italian Steel Furniture","publisher":{"@id":"https:\/\/www.vezzdesign.it\/#organization"},"potentialAction":[{"@type":"SearchAction","target":{"@type":"EntryPoint","urlTemplate":"https:\/\/www.vezzdesign.it\/?s={search_term_string}"},"query-input":{"@type":"PropertyValueSpecification","valueRequired":true,"valueName":"search_term_string"}}],"inLanguage":"fr-FR"},{"@type":"Organization","@id":"https:\/\/www.vezzdesign.it\/#organization","name":"Vezzoni","url":"https:\/\/www.vezzdesign.it\/","logo":{"@type":"ImageObject","inLanguage":"fr-FR","@id":"https:\/\/www.vezzdesign.it\/#\/schema\/logo\/image\/","url":"https:\/\/www.vezzdesign.it\/wp-content\/uploads\/2026\/04\/logo-bianco-1.png","contentUrl":"https:\/\/www.vezzdesign.it\/wp-content\/uploads\/2026\/04\/logo-bianco-1.png","width":366,"height":81,"caption":"Vezzoni"},"image":{"@id":"https:\/\/www.vezzdesign.it\/#\/schema\/logo\/image\/"}},{"@type":"Person","@id":"https:\/\/www.vezzdesign.it\/#\/schema\/person\/eb61792feab0324a252a45e56ab4881d","name":"GekComunicazione","image":{"@type":"ImageObject","inLanguage":"fr-FR","@id":"https:\/\/secure.gravatar.com\/avatar\/778e52b15babe199ed23eb35982b1a9aaef269571fe07ffd9740f5347eeb9fb7?s=96&d=mm&r=g","url":"https:\/\/secure.gravatar.com\/avatar\/778e52b15babe199ed23eb35982b1a9aaef269571fe07ffd9740f5347eeb9fb7?s=96&d=mm&r=g","contentUrl":"https:\/\/secure.gravatar.com\/avatar\/778e52b15babe199ed23eb35982b1a9aaef269571fe07ffd9740f5347eeb9fb7?s=96&d=mm&r=g","caption":"GekComunicazione"},"sameAs":["https:\/\/www.vezzdesign.it"],"url":"https:\/\/www.vezzdesign.it\/fr\/author\/gek\/"}]}},"_links":{"self":[{"href":"https:\/\/www.vezzdesign.it\/fr\/wp-json\/wp\/v2\/posts\/22956","targetHints":{"allow":["GET"]}}],"collection":[{"href":"https:\/\/www.vezzdesign.it\/fr\/wp-json\/wp\/v2\/posts"}],"about":[{"href":"https:\/\/www.vezzdesign.it\/fr\/wp-json\/wp\/v2\/types\/post"}],"author":[{"embeddable":true,"href":"https:\/\/www.vezzdesign.it\/fr\/wp-json\/wp\/v2\/users\/1"}],"replies":[{"embeddable":true,"href":"https:\/\/www.vezzdesign.it\/fr\/wp-json\/wp\/v2\/comments?post=22956"}],"version-history":[{"count":3,"href":"https:\/\/www.vezzdesign.it\/fr\/wp-json\/wp\/v2\/posts\/22956\/revisions"}],"predecessor-version":[{"id":22959,"href":"https:\/\/www.vezzdesign.it\/fr\/wp-json\/wp\/v2\/posts\/22956\/revisions\/22959"}],"wp:featuredmedia":[{"embeddable":true,"href":"https:\/\/www.vezzdesign.it\/fr\/wp-json\/wp\/v2\/media\/22711"}],"wp:attachment":[{"href":"https:\/\/www.vezzdesign.it\/fr\/wp-json\/wp\/v2\/media?parent=22956"}],"wp:term":[{"taxonomy":"category","embeddable":true,"href":"https:\/\/www.vezzdesign.it\/fr\/wp-json\/wp\/v2\/categories?post=22956"},{"taxonomy":"post_tag","embeddable":true,"href":"https:\/\/www.vezzdesign.it\/fr\/wp-json\/wp\/v2\/tags?post=22956"}],"curies":[{"name":"wp","href":"https:\/\/api.w.org\/{rel}","templated":true}]}}